{"id":6911,"date":"2022-08-22T17:17:25","date_gmt":"2022-08-22T17:17:25","guid":{"rendered":"https:\/\/plasbritos.pt\/?p=6911"},"modified":"2022-08-22T17:17:25","modified_gmt":"2022-08-22T17:17:25","slug":"plastico-um-material-versatil","status":"publish","type":"post","link":"https:\/\/plasbritos.pt\/index.php\/2022\/08\/22\/plastico-um-material-versatil\/","title":{"rendered":"Pl\u00e1stico &#8211; um material vers\u00e1til!"},"content":{"rendered":"<p>Atualmente, encontramo-nos numa fase mais consciente das nossas vidas, na qual, assumimos um compromisso de responsabilidade sustent\u00e1vel, de modo, a contribuirmos para o prolongamento do ciclo de vida das embalagens.<br \/>\nO pl\u00e1stico n\u00e3o \u00e9 exce\u00e7\u00e3o, que, al\u00e9m de vers\u00e1til, apresenta in\u00fameras vantagens na utiliza\u00e7\u00e3o pessoal e, tamb\u00e9m, industrial. <\/p>\n<p><strong>Material dur\u00e1vel<\/strong>: o pl\u00e1stico supera o ciclo de vida de outros materiais, como o cart\u00e3o ou a madeira, o que, em informa\u00e7\u00f5es reais, traduz-se num maior impacto ambiental e econ\u00f3mico, devido \u00e0 redu\u00e7\u00e3o da quantidade de unidades necess\u00e1rias ao longo do tempo; <\/p>\n<p><strong>Material recicl\u00e1vel<\/strong>: al\u00e9m de dur\u00e1vel, o pl\u00e1stico, \u00e9, tamb\u00e9m, recicl\u00e1vel, e neste caso, tamb\u00e9m se posiciona acima do ciclo de vida do cart\u00e3o ou madeira, o que, tamb\u00e9m acaba por se traduzir num maior impacto ambiental e econ\u00f3mico, devido \u00e0 redu\u00e7\u00e3o da quantidade de unidades necess\u00e1rias ao longo do tempo; <\/p>\n<p><strong>Material manuse\u00e1vel<\/strong>: neste ponto, ressalvamos, que, para o material ser manuseado, n\u00e3o \u00e9 necess\u00e1rio o uso de luvas, por n\u00e3o se tratar de um material perigoso, e sem conter elementos perfurantes; <\/p>\n<p><strong>Material inalter\u00e1vel<\/strong>: inalter\u00e1vel tanto no peso, como na forma, o pl\u00e1stico, n\u00e3o absorve nem humidade, nem \u00e1gua, resistindo a qualquer perturba\u00e7\u00e3o atmosf\u00e9rica.<\/p>\n","protected":false},"excerpt":{"rendered":"<p>Atualmente, encontramo-nos numa fase mais consciente das nossas vidas, na qual, assumimos um compromisso de responsabilidade sustent\u00e1vel, de modo, a contribuirmos para o prolongamento do ciclo de vida das embalagens. O pl\u00e1stico n\u00e3o \u00e9 exce\u00e7\u00e3o, que, al\u00e9m de vers\u00e1til, apresenta in\u00fameras vantagens na utiliza\u00e7\u00e3o pessoal e, tamb\u00e9m, industrial. Material dur\u00e1vel: o pl\u00e1stico supera o ciclo &hellip; <\/p>\n<p class=\"link-more\"><a href=\"https:\/\/plasbritos.pt\/index.php\/2022\/08\/22\/plastico-um-material-versatil\/\" class=\"more-link\">Read More <span class=\"screen-reader-text\"> &#8220;Pl\u00e1stico &#8211; um material vers\u00e1til!&#8221;<\/span><\/a><\/p>\n","protected":false},"author":2,"featured_media":6912,"comment_status":"open","ping_status":"open","sticky":false,"template":"","format":"standard","meta":{"footnotes":""},"categories":[68,67],"tags":[],"class_list":["post-6911","post","type-post","status-publish","format-standard","has-post-thumbnail","hentry","category-inovacoes","category-reciclar"],"_links":{"self":[{"href":"https:\/\/plasbritos.pt\/index.php\/wp-json\/wp\/v2\/posts\/6911"}],"collection":[{"href":"https:\/\/plasbritos.pt\/index.php\/wp-json\/wp\/v2\/posts"}],"about":[{"href":"https:\/\/plasbritos.pt\/index.php\/wp-json\/wp\/v2\/types\/post"}],"author":[{"embeddable":true,"href":"https:\/\/plasbritos.pt\/index.php\/wp-json\/wp\/v2\/users\/2"}],"replies":[{"embeddable":true,"href":"https:\/\/plasbritos.pt\/index.php\/wp-json\/wp\/v2\/comments?post=6911"}],"version-history":[{"count":4,"href":"https:\/\/plasbritos.pt\/index.php\/wp-json\/wp\/v2\/posts\/6911\/revisions"}],"predecessor-version":[{"id":6916,"href":"https:\/\/plasbritos.pt\/index.php\/wp-json\/wp\/v2\/posts\/6911\/revisions\/6916"}],"wp:featuredmedia":[{"embeddable":true,"href":"https:\/\/plasbritos.pt\/index.php\/wp-json\/wp\/v2\/media\/6912"}],"wp:attachment":[{"href":"https:\/\/plasbritos.pt\/index.php\/wp-json\/wp\/v2\/media?parent=6911"}],"wp:term":[{"taxonomy":"category","embeddable":true,"href":"https:\/\/plasbritos.pt\/index.php\/wp-json\/wp\/v2\/categories?post=6911"},{"taxonomy":"post_tag","embeddable":true,"href":"https:\/\/plasbritos.pt\/index.php\/wp-json\/wp\/v2\/tags?post=6911"}],"curies":[{"name":"wp","href":"https:\/\/api.w.org\/{rel}","templated":true}]}}