{"id":6907,"date":"2022-08-19T17:06:56","date_gmt":"2022-08-19T17:06:56","guid":{"rendered":"https:\/\/plasbritos.pt\/?p=6907"},"modified":"2022-08-19T17:06:56","modified_gmt":"2022-08-19T17:06:56","slug":"e-possivel-transformar-o-velho-em-novo","status":"publish","type":"post","link":"https:\/\/plasbritos.pt\/index.php\/2022\/08\/19\/e-possivel-transformar-o-velho-em-novo\/","title":{"rendered":"\u00c9 poss\u00edvel transformar o velho em novo"},"content":{"rendered":"<p>Atualmente, estamos, maioritariamente consciencializados, de que o Ciclo da Reciclagem, contribui, automaticamente, para o Ciclo da Sustentabilidade, mas, ser\u00e1 que realmente temos conhecimento, de que os materiais provenientes da reciclagem do pl\u00e1stico, est\u00e3o presentes no nosso consumo di\u00e1rio?<\/p>\n<p>Sim, \u00e9 mesmo verdade! Desde vasos, mesas de jardim, at\u00e9 fibra para a ind\u00fastria t\u00eaxtil, passando por um processo de transforma\u00e7\u00e3o em malha polar para camisolas e t-shirts, s\u00e3o v\u00e1rios os objetos que s\u00e3o produzidos a partir do pl\u00e1stico reciclado.<\/p>\n<p>\u00c9 importante ressalvar que o Ciclo da Reciclagem, e, consequentemente, o da Sustentabilidade, come\u00e7a em sua casa, ao fazer a separa\u00e7\u00e3o das embalagens. E, n\u00e3o \u00e9 por acaso que a PLASbritos assume uma atitude de responsabilidade social, sendo que, aposta na inova\u00e7\u00e3o e desenvolvimento de solu\u00e7\u00f5es ecol\u00f3gicas que permitam a diminui\u00e7\u00e3o de desperd\u00edcio.<\/p>\n<p>Vamos, em conjunto, prolongar o ciclo de vida das embalagens, transformando o velho em novo!<\/p>\n<p>Consulte mais informa\u00e7\u00e3o .<\/p>\n","protected":false},"excerpt":{"rendered":"<p>Atualmente, estamos, maioritariamente consciencializados, de que o Ciclo da Reciclagem, contribui, automaticamente, para o Ciclo da Sustentabilidade, mas, ser\u00e1 que realmente temos conhecimento, de que os materiais provenientes da reciclagem do pl\u00e1stico, est\u00e3o presentes no nosso consumo di\u00e1rio? Sim, \u00e9 mesmo verdade! Desde vasos, mesas de jardim, at\u00e9 fibra para a ind\u00fastria t\u00eaxtil, passando por &hellip; <\/p>\n<p class=\"link-more\"><a href=\"https:\/\/plasbritos.pt\/index.php\/2022\/08\/19\/e-possivel-transformar-o-velho-em-novo\/\" class=\"more-link\">Read More <span class=\"screen-reader-text\"> &#8220;\u00c9 poss\u00edvel transformar o velho em novo&#8221;<\/span><\/a><\/p>\n","protected":false},"author":2,"featured_media":6903,"comment_status":"open","ping_status":"open","sticky":false,"template":"","format":"standard","meta":{"footnotes":""},"categories":[67],"tags":[],"class_list":["post-6907","post","type-post","status-publish","format-standard","has-post-thumbnail","hentry","category-reciclar"],"_links":{"self":[{"href":"https:\/\/plasbritos.pt\/index.php\/wp-json\/wp\/v2\/posts\/6907"}],"collection":[{"href":"https:\/\/plasbritos.pt\/index.php\/wp-json\/wp\/v2\/posts"}],"about":[{"href":"https:\/\/plasbritos.pt\/index.php\/wp-json\/wp\/v2\/types\/post"}],"author":[{"embeddable":true,"href":"https:\/\/plasbritos.pt\/index.php\/wp-json\/wp\/v2\/users\/2"}],"replies":[{"embeddable":true,"href":"https:\/\/plasbritos.pt\/index.php\/wp-json\/wp\/v2\/comments?post=6907"}],"version-history":[{"count":2,"href":"https:\/\/plasbritos.pt\/index.php\/wp-json\/wp\/v2\/posts\/6907\/revisions"}],"predecessor-version":[{"id":6909,"href":"https:\/\/plasbritos.pt\/index.php\/wp-json\/wp\/v2\/posts\/6907\/revisions\/6909"}],"wp:featuredmedia":[{"embeddable":true,"href":"https:\/\/plasbritos.pt\/index.php\/wp-json\/wp\/v2\/media\/6903"}],"wp:attachment":[{"href":"https:\/\/plasbritos.pt\/index.php\/wp-json\/wp\/v2\/media?parent=6907"}],"wp:term":[{"taxonomy":"category","embeddable":true,"href":"https:\/\/plasbritos.pt\/index.php\/wp-json\/wp\/v2\/categories?post=6907"},{"taxonomy":"post_tag","embeddable":true,"href":"https:\/\/plasbritos.pt\/index.php\/wp-json\/wp\/v2\/tags?post=6907"}],"curies":[{"name":"wp","href":"https:\/\/api.w.org\/{rel}","templated":true}]}}