{"id":6751,"date":"2022-01-12T10:30:12","date_gmt":"2022-01-12T10:30:12","guid":{"rendered":"https:\/\/plasbritos.pt\/?p=6751"},"modified":"2022-01-12T10:39:34","modified_gmt":"2022-01-12T10:39:34","slug":"o-pacto-portugues-para-os-plasticos","status":"publish","type":"post","link":"https:\/\/plasbritos.pt\/index.php\/2022\/01\/12\/o-pacto-portugues-para-os-plasticos\/","title":{"rendered":"O Pacto Portugu\u00eas para os Pl\u00e1sticos"},"content":{"rendered":"<p><span style=\"font-weight: 400;\">O <a href=\"https:\/\/www.pactoplasticos.pt\/\" target=\"_blank\" rel=\"noopener noreferrer\">Pacto Portugu\u00eas para o Pl\u00e1stico<\/a>, ou PPP, foi criado h\u00e1 2 anos, em 2020, com vista a alcan\u00e7ar algumas metas no que toca ao pl\u00e1stico, at\u00e9 2025.<\/span><\/p>\n<p><span style=\"font-weight: 400;\">O pl\u00e1stico \u00e9 algo imprescind\u00edvel para muitas das nossas atividades realizadas no dia-a-dia, gera emprego e ainda veio facilitar a nossa vida em muitos aspetos.<\/span><\/p>\n<p><span style=\"font-weight: 400;\">Embora o que foi mencionado acima esteja certo, nos dias de hoje, a forma como temos vindo a usar este material tem-se mostrado insustent\u00e1vel, e \u00e9 aqui que aparece o PPP.<\/span><\/p>\n<p><span style=\"font-weight: 400;\">O PPP \u00e9 uma iniciativa liderada pela <a href=\"http:\/\/www.smartwasteportugal.com\/pt\/\" target=\"_blank\" rel=\"noopener noreferrer\"><em>Associa\u00e7\u00e3o Smart Waste Portugal<\/em><\/a>, que junta empresas dos mais variados setores de atividades, escolas, universidades, organiza\u00e7\u00f5es governamentais e ainda n\u00e3o governamentais. Todos t\u00eam um papel importante.<\/span><\/p>\n<p><span style=\"font-weight: 400;\">Desde o ano de 2020, Portugal j\u00e1 conseguiu eliminar alguns pl\u00e1sticos de uso \u00fanico e apostou fortemente na reciclagem das embalagens que circulam no mercado.<\/span><\/p>\n<p><span style=\"font-weight: 400;\">Aprenda a reutilizar e a fazer valer o seu pl\u00e1stico.\u00a0<\/span><\/p>\n<p><span style=\"font-weight: 400;\">Na PLASbritos temos op\u00e7\u00f5es mais sustent\u00e1veis para o seu neg\u00f3cio.<\/span><\/p>\n","protected":false},"excerpt":{"rendered":"<p>O Pacto Portugu\u00eas para o Pl\u00e1stico, ou PPP, foi criado h\u00e1 2 anos, em 2020, com vista a alcan\u00e7ar algumas metas no que toca ao pl\u00e1stico, at\u00e9 2025. O pl\u00e1stico \u00e9 algo imprescind\u00edvel para muitas das nossas atividades realizadas no dia-a-dia, gera emprego e ainda veio facilitar a nossa vida em muitos aspetos. Embora o &hellip; <\/p>\n<p class=\"link-more\"><a href=\"https:\/\/plasbritos.pt\/index.php\/2022\/01\/12\/o-pacto-portugues-para-os-plasticos\/\" class=\"more-link\">Read More <span class=\"screen-reader-text\"> &#8220;O Pacto Portugu\u00eas para os Pl\u00e1sticos&#8221;<\/span><\/a><\/p>\n","protected":false},"author":2,"featured_media":6758,"comment_status":"open","ping_status":"open","sticky":false,"template":"","format":"standard","meta":{"footnotes":""},"categories":[67],"tags":[],"class_list":["post-6751","post","type-post","status-publish","format-standard","has-post-thumbnail","hentry","category-reciclar"],"_links":{"self":[{"href":"https:\/\/plasbritos.pt\/index.php\/wp-json\/wp\/v2\/posts\/6751"}],"collection":[{"href":"https:\/\/plasbritos.pt\/index.php\/wp-json\/wp\/v2\/posts"}],"about":[{"href":"https:\/\/plasbritos.pt\/index.php\/wp-json\/wp\/v2\/types\/post"}],"author":[{"embeddable":true,"href":"https:\/\/plasbritos.pt\/index.php\/wp-json\/wp\/v2\/users\/2"}],"replies":[{"embeddable":true,"href":"https:\/\/plasbritos.pt\/index.php\/wp-json\/wp\/v2\/comments?post=6751"}],"version-history":[{"count":2,"href":"https:\/\/plasbritos.pt\/index.php\/wp-json\/wp\/v2\/posts\/6751\/revisions"}],"predecessor-version":[{"id":6757,"href":"https:\/\/plasbritos.pt\/index.php\/wp-json\/wp\/v2\/posts\/6751\/revisions\/6757"}],"wp:featuredmedia":[{"embeddable":true,"href":"https:\/\/plasbritos.pt\/index.php\/wp-json\/wp\/v2\/media\/6758"}],"wp:attachment":[{"href":"https:\/\/plasbritos.pt\/index.php\/wp-json\/wp\/v2\/media?parent=6751"}],"wp:term":[{"taxonomy":"category","embeddable":true,"href":"https:\/\/plasbritos.pt\/index.php\/wp-json\/wp\/v2\/categories?post=6751"},{"taxonomy":"post_tag","embeddable":true,"href":"https:\/\/plasbritos.pt\/index.php\/wp-json\/wp\/v2\/tags?post=6751"}],"curies":[{"name":"wp","href":"https:\/\/api.w.org\/{rel}","templated":true}]}}